{"id":821,"date":"2022-02-26T11:50:51","date_gmt":"2022-02-26T11:50:51","guid":{"rendered":"https:\/\/challenge-melli.de\/?p=821"},"modified":"2022-03-01T10:20:50","modified_gmt":"2022-03-01T10:20:50","slug":"28-tage-fit-for-spring-challenge","status":"publish","type":"post","link":"https:\/\/challenge-melli.de\/?p=821","title":{"rendered":"28 Tage Fit-for-Spring-Challenge"},"content":{"rendered":"\n<p>Halli hallo! <\/p>\n\n\n\n<p>Findest du nicht auch, es ist jetzt Zeit f\u00fcr Fr\u00fchling? Es riecht drau\u00dfen schon so frisch teilweise und man sehnt sich so sehr nach mehr Sonne und Aktivit\u00e4t. <\/p>\n\n\n\n<figure class=\"wp-block-image size-large\"><img loading=\"lazy\" width=\"736\" height=\"736\" src=\"https:\/\/challenge-melli.de\/wp-content\/uploads\/2022\/02\/IMG-20220226-WA0007.jpg\" alt=\"\" class=\"wp-image-822\" srcset=\"https:\/\/challenge-melli.de\/wp-content\/uploads\/2022\/02\/IMG-20220226-WA0007.jpg 736w, https:\/\/challenge-melli.de\/wp-content\/uploads\/2022\/02\/IMG-20220226-WA0007-300x300.jpg 300w, https:\/\/challenge-melli.de\/wp-content\/uploads\/2022\/02\/IMG-20220226-WA0007-150x150.jpg 150w\" sizes=\"(max-width: 736px) 100vw, 736px\" \/><\/figure>\n\n\n\n<p>Ich m\u00f6chte zusammen mit Euch den Fr\u00fchling herein bitten, in unsere H\u00e4user, auf deine Sportmatte und in deinen K\u00f6rper. Lass uns gemeinsam eine tolle, vielseitige Challenge starten, die den ganzen K\u00f6rper fordert und dir zus\u00e4tzliche Tipps und Tricks f\u00fcr deinen Alltag mitbringt. <\/p>\n\n\n\n<p>Ich freu mich jedenfalls riesig, lass uns los legen &#8211; zusammen k\u00f6nnen wir es schaffen! <\/p>\n\n\n\n<p>Jetzt Account erstellen und <a href=\"https:\/\/challenge-melli.de\/?page_id=84\" data-type=\"page\" data-id=\"84\">anmelden<\/a>, Informationen zur Challenge findest du <a href=\"https:\/\/challenge-melli.de\/?page_id=64\" data-type=\"page\" data-id=\"64\">hier<\/a>.<\/p>\n\n\n\n<p>Wie immer am Tag vorher gibt es auf der speziellen Seite mehr Infos dazu. <\/p>\n\n\n\n<p>Bis dann, eure challenge-melli.<\/p>\n","protected":false},"excerpt":{"rendered":"<p>Halli hallo! Findest du nicht auch, es ist jetzt Zeit f\u00fcr Fr\u00fchling? Es riecht drau\u00dfen schon so frisch teilweise und man sehnt sich so sehr nach mehr Sonne und Aktivit\u00e4t. Ich m\u00f6chte zusammen mit Euch den Fr\u00fchling herein bitten, in unsere H\u00e4user, auf deine Sportmatte und in deinen K\u00f6rper. Lass [&hellip;]<\/p>\n","protected":false},"author":1,"featured_media":0,"comment_status":"open","ping_status":"open","sticky":false,"template":"","format":"standard","meta":[],"categories":[1],"tags":[],"_links":{"self":[{"href":"https:\/\/challenge-melli.de\/index.php?rest_route=\/wp\/v2\/posts\/821"}],"collection":[{"href":"https:\/\/challenge-melli.de\/index.php?rest_route=\/wp\/v2\/posts"}],"about":[{"href":"https:\/\/challenge-melli.de\/index.php?rest_route=\/wp\/v2\/types\/post"}],"author":[{"embeddable":true,"href":"https:\/\/challenge-melli.de\/index.php?rest_route=\/wp\/v2\/users\/1"}],"replies":[{"embeddable":true,"href":"https:\/\/challenge-melli.de\/index.php?rest_route=%2Fwp%2Fv2%2Fcomments&post=821"}],"version-history":[{"count":3,"href":"https:\/\/challenge-melli.de\/index.php?rest_route=\/wp\/v2\/posts\/821\/revisions"}],"predecessor-version":[{"id":839,"href":"https:\/\/challenge-melli.de\/index.php?rest_route=\/wp\/v2\/posts\/821\/revisions\/839"}],"wp:attachment":[{"href":"https:\/\/challenge-melli.de\/index.php?rest_route=%2Fwp%2Fv2%2Fmedia&parent=821"}],"wp:term":[{"taxonomy":"category","embeddable":true,"href":"https:\/\/challenge-melli.de\/index.php?rest_route=%2Fwp%2Fv2%2Fcategories&post=821"},{"taxonomy":"post_tag","embeddable":true,"href":"https:\/\/challenge-melli.de\/index.php?rest_route=%2Fwp%2Fv2%2Ftags&post=821"}],"curies":[{"name":"wp","href":"https:\/\/api.w.org\/{rel}","templated":true}]}}