{"id":968,"date":"2023-03-01T21:01:11","date_gmt":"2023-03-01T21:01:11","guid":{"rendered":"https:\/\/challenge-melli.de\/?p=968"},"modified":"2023-03-01T21:05:08","modified_gmt":"2023-03-01T21:05:08","slug":"28-tage-fit-for-spring-challenge-2","status":"publish","type":"post","link":"https:\/\/challenge-melli.de\/?p=968","title":{"rendered":"28-Tage-Fit-for-Spring-Challenge"},"content":{"rendered":"\n<p>Hallo ihr Lieben! <\/p>\n\n\n\n<p>Es ist soweit, der Februar ist auch schon wieder ins Land gezogen und der M\u00e4rz ist schon angebrochen. Es ist noch einmal richtig kalt geworden und doch f\u00fchlt sich diese tolle Sonne der letzten Tage nach Aufwachen, Vorw\u00e4rtsgehen, nach endlich Fr\u00fchling an. Geht es euch da auch so, dass man einen Punkt hat, wo man einfach reif ist &#8211; fr\u00fchlingsreif und reif f\u00fcr Neues. Zeit aus dem Winterschlaf aufzuwachen, sich wieder auch k\u00f6rperlich zu fordern und neue Routinen aufzubauen. <\/p>\n\n\n\n<p>Die Fastenzeit ist ebenso gerade im Gange und was k\u00f6nnte da besser passen, als eine Challenge mit t\u00e4glicher Herausforderung, vielleicht auch, um neue Gewohnheiten einzupflegen.<\/p>\n\n\n\n<p>Du sp\u00fcrst auch in dir den Drang etwas tun zu m\u00fcssen, beweglicher und auch fitter werden zu wollen? Dann kommt die Fr\u00fchjahrs-Challenge genau richtig. Wir starten ab 03.03. per WhatsApp, oder aber jederzeit hier auf der Homepage. <a href=\"https:\/\/challenge-melli.de\/?p=821\" data-type=\"post\" data-id=\"821\">28 Tage Fit-for-Spring-Challenge<\/a>. <\/p>\n\n\n\n<p>Das Prinzip bleibt immer gleich. 5 \u00dcbungen t\u00e4glich, immer die gleichen, die sich jeweils \u00fcber die Dauer der Challenge steigern. Wir sporteln so t\u00e4glich zusammen, wann immer es f\u00fcr dich passt und ich unterst\u00fctze mit vielen Tipps und Motivation.  <\/p>\n\n\n\n<p>Achtung, wenn du auf der Homepage sporteln m\u00f6chtest, musst du dich bitte -falls noch nicht passiert- erst registrieren und anschlie\u00dfend kannst du dann deine Challenge buchen. Hier gehts zur <a href=\"https:\/\/challenge-melli.de\/?page_id=83\" data-type=\"page\" data-id=\"83\">Registrierung<\/a>. <\/p>\n\n\n\n<p>Ich freue mich jedenfalls auf die kommende Herausforderung und auf dich! <\/p>\n\n\n\n<p>Na los, gib dir einen Schubs \ud83d\ude09<\/p>\n\n\n\n<p>Bis dann, alles Liebe,<\/p>\n\n\n\n<p>Melli <\/p>\n","protected":false},"excerpt":{"rendered":"<p>Hallo ihr Lieben! Es ist soweit, der Februar ist auch schon wieder ins Land gezogen und der M\u00e4rz ist schon angebrochen. Es ist noch einmal richtig kalt geworden und doch f\u00fchlt sich diese tolle Sonne der letzten Tage nach Aufwachen, Vorw\u00e4rtsgehen, nach endlich Fr\u00fchling an. Geht es euch da auch [&hellip;]<\/p>\n","protected":false},"author":1,"featured_media":0,"comment_status":"open","ping_status":"open","sticky":false,"template":"","format":"standard","meta":[],"categories":[1],"tags":[],"_links":{"self":[{"href":"https:\/\/challenge-melli.de\/index.php?rest_route=\/wp\/v2\/posts\/968"}],"collection":[{"href":"https:\/\/challenge-melli.de\/index.php?rest_route=\/wp\/v2\/posts"}],"about":[{"href":"https:\/\/challenge-melli.de\/index.php?rest_route=\/wp\/v2\/types\/post"}],"author":[{"embeddable":true,"href":"https:\/\/challenge-melli.de\/index.php?rest_route=\/wp\/v2\/users\/1"}],"replies":[{"embeddable":true,"href":"https:\/\/challenge-melli.de\/index.php?rest_route=%2Fwp%2Fv2%2Fcomments&post=968"}],"version-history":[{"count":2,"href":"https:\/\/challenge-melli.de\/index.php?rest_route=\/wp\/v2\/posts\/968\/revisions"}],"predecessor-version":[{"id":971,"href":"https:\/\/challenge-melli.de\/index.php?rest_route=\/wp\/v2\/posts\/968\/revisions\/971"}],"wp:attachment":[{"href":"https:\/\/challenge-melli.de\/index.php?rest_route=%2Fwp%2Fv2%2Fmedia&parent=968"}],"wp:term":[{"taxonomy":"category","embeddable":true,"href":"https:\/\/challenge-melli.de\/index.php?rest_route=%2Fwp%2Fv2%2Fcategories&post=968"},{"taxonomy":"post_tag","embeddable":true,"href":"https:\/\/challenge-melli.de\/index.php?rest_route=%2Fwp%2Fv2%2Ftags&post=968"}],"curies":[{"name":"wp","href":"https:\/\/api.w.org\/{rel}","templated":true}]}}